{"id":717,"date":"2016-07-03T14:46:41","date_gmt":"2016-07-03T12:46:41","guid":{"rendered":"https:\/\/www.keramikmahlwerk.ch\/?p=717"},"modified":"2018-04-26T13:40:04","modified_gmt":"2018-04-26T11:40:04","slug":"islaendisches-salz","status":"publish","type":"post","link":"https:\/\/www.keramikmahlwerk.ch\/it\/islaendisches-salz\/","title":{"rendered":"Sale islandese"},"content":{"rendered":"<p>La nazionale di calcio islandese ha fatto scalpore negli ultimi giorni. Ma gli islandesi non sono solo bravi con la pelle rotonda, hanno anche una buona mano per il sale marino eccezionale.<\/p>\n<p>I fiocchi di sale sono estratti dall'acqua pi\u00f9 pura dell'Oceano Artico e raccolti con un lavoro manuale tradizionale. Il sale islandese \u00e8 l'unico al mondo che viene prodotto esclusivamente con energia geotermica da un geyser caldo.<\/p>\n<p>Maggiori informazioni sul <a href=\"http:\/\/www.raffinessen.ch\/geschenkideen\/islaendisches-salz\/\">Sale islandese<\/a> pu\u00f2 essere trovato sul nostro sito web.<\/p>\n<div id='av-masonry-1' class='av-masonry av-bnt7h-fba59e173db57c7f19c8db8136b26e35 noHover av-flex-size av-large-gap av-hover-overlay- av-masonry-animation-active av-masonry-col-flexible av-caption-always av-caption-style- av-masonry-gallery' data-post_id=\"717\"><div class=\"av-masonry-container isotope av-js-disabled\"><div class='av-masonry-entry isotope-item av-masonry-item-no-image'><\/div><a href=\"https:\/\/www.keramikmahlwerk.ch\/webseite\/wp-content\/uploads\/2016\/07\/set-1-quadratisch-1030x1030.jpg\" data-srcset=\"https:\/\/www.keramikmahlwerk.ch\/webseite\/wp-content\/uploads\/2016\/07\/set-1-quadratisch-1030x1030.jpg 1030w, https:\/\/www.keramikmahlwerk.ch\/webseite\/wp-content\/uploads\/2016\/07\/set-1-quadratisch-80x80.jpg 80w, https:\/\/www.keramikmahlwerk.ch\/webseite\/wp-content\/uploads\/2016\/07\/set-1-quadratisch-300x300.jpg 300w, https:\/\/www.keramikmahlwerk.ch\/webseite\/wp-content\/uploads\/2016\/07\/set-1-quadratisch-768x768.jpg 768w, https:\/\/www.keramikmahlwerk.ch\/webseite\/wp-content\/uploads\/2016\/07\/set-1-quadratisch-36x36.jpg 36w, https:\/\/www.keramikmahlwerk.ch\/webseite\/wp-content\/uploads\/2016\/07\/set-1-quadratisch-180x180.jpg 180w, https:\/\/www.keramikmahlwerk.ch\/webseite\/wp-content\/uploads\/2016\/07\/set-1-quadratisch-705x705.jpg 705w, https:\/\/www.keramikmahlwerk.ch\/webseite\/wp-content\/uploads\/2016\/07\/set-1-quadratisch-120x120.jpg 120w, https:\/\/www.keramikmahlwerk.ch\/webseite\/wp-content\/uploads\/2016\/07\/set-1-quadratisch-450x450.jpg 450w, https:\/\/www.keramikmahlwerk.ch\/webseite\/wp-content\/uploads\/2016\/07\/set-1-quadratisch.jpg 1200w\" data-sizes=\"(max-width: 1030px) 100vw, 1030px\"  aria-label=\"immagine set-1-quadrato\"  id='av-masonry-1-item-724' data-av-masonry-item='724' class='av-masonry-entry isotope-item post-724 attachment type-attachment status-inherit hentry  av-masonry-item-with-image' title=\"set-1-quadro\" alt=\"\"    itemprop=\"thumbnailUrl\" ><div class='av-inner-masonry-sizer'><\/div><figure class='av-inner-masonry main_color'><div class=\"av-masonry-outerimage-container\"><div class='av-masonry-image-container'  ><img decoding=\"async\" width=\"705\" height=\"705\" fetchpriority=\"high\" class=\"wp-image-724 avia-img-lazy-loading-not-724\"  src=\"https:\/\/www.keramikmahlwerk.ch\/webseite\/wp-content\/uploads\/2016\/07\/set-1-quadratisch-705x705.jpg\" title=\"set-1-quadro\" alt=\"\" srcset=\"https:\/\/www.keramikmahlwerk.ch\/webseite\/wp-content\/uploads\/2016\/07\/set-1-quadratisch-705x705.jpg 705w, https:\/\/www.keramikmahlwerk.ch\/webseite\/wp-content\/uploads\/2016\/07\/set-1-quadratisch-80x80.jpg 80w, https:\/\/www.keramikmahlwerk.ch\/webseite\/wp-content\/uploads\/2016\/07\/set-1-quadratisch-300x300.jpg 300w, https:\/\/www.keramikmahlwerk.ch\/webseite\/wp-content\/uploads\/2016\/07\/set-1-quadratisch-768x768.jpg 768w, https:\/\/www.keramikmahlwerk.ch\/webseite\/wp-content\/uploads\/2016\/07\/set-1-quadratisch-1030x1030.jpg 1030w, https:\/\/www.keramikmahlwerk.ch\/webseite\/wp-content\/uploads\/2016\/07\/set-1-quadratisch-36x36.jpg 36w, https:\/\/www.keramikmahlwerk.ch\/webseite\/wp-content\/uploads\/2016\/07\/set-1-quadratisch-180x180.jpg 180w, https:\/\/www.keramikmahlwerk.ch\/webseite\/wp-content\/uploads\/2016\/07\/set-1-quadratisch-120x120.jpg 120w, https:\/\/www.keramikmahlwerk.ch\/webseite\/wp-content\/uploads\/2016\/07\/set-1-quadratisch-450x450.jpg 450w, https:\/\/www.keramikmahlwerk.ch\/webseite\/wp-content\/uploads\/2016\/07\/set-1-quadratisch.jpg 1200w\" sizes=\"(max-width: 705px) 100vw, 705px\" \/><\/div><\/div><\/figure><\/a><!--end av-masonry entry--><a href=\"https:\/\/www.keramikmahlwerk.ch\/webseite\/wp-content\/uploads\/2016\/07\/saltverk-06-1030x687.jpg\" data-srcset=\"https:\/\/www.keramikmahlwerk.ch\/webseite\/wp-content\/uploads\/2016\/07\/saltverk-06-1030x687.jpg 1030w, https:\/\/www.keramikmahlwerk.ch\/webseite\/wp-content\/uploads\/2016\/07\/saltverk-06-300x200.jpg 300w, https:\/\/www.keramikmahlwerk.ch\/webseite\/wp-content\/uploads\/2016\/07\/saltverk-06-768x512.jpg 768w, https:\/\/www.keramikmahlwerk.ch\/webseite\/wp-content\/uploads\/2016\/07\/saltverk-06-1500x1000.jpg 1500w, https:\/\/www.keramikmahlwerk.ch\/webseite\/wp-content\/uploads\/2016\/07\/saltverk-06-705x470.jpg 705w, https:\/\/www.keramikmahlwerk.ch\/webseite\/wp-content\/uploads\/2016\/07\/saltverk-06-450x300.jpg 450w\" data-sizes=\"(max-width: 1030px) 100vw, 1030px\"  aria-label=\"immagine saltverk-06\"  id='av-masonry-1-item-722' data-av-masonry-item='722' class='av-masonry-entry isotope-item post-722 attachment type-attachment status-inherit hentry  av-masonry-item-with-image' title=\"saltverk-06\" alt=\"\"    itemprop=\"thumbnailUrl\" ><div class='av-inner-masonry-sizer'><\/div><figure class='av-inner-masonry main_color'><div class=\"av-masonry-outerimage-container\"><div class='av-masonry-image-container'  ><img decoding=\"async\" width=\"705\" height=\"470\" fetchpriority=\"high\" class=\"wp-image-722 avia-img-lazy-loading-not-722\"  src=\"https:\/\/www.keramikmahlwerk.ch\/webseite\/wp-content\/uploads\/2016\/07\/saltverk-06-705x470.jpg\" title=\"saltverk-06\" alt=\"\" srcset=\"https:\/\/www.keramikmahlwerk.ch\/webseite\/wp-content\/uploads\/2016\/07\/saltverk-06-705x470.jpg 705w, https:\/\/www.keramikmahlwerk.ch\/webseite\/wp-content\/uploads\/2016\/07\/saltverk-06-300x200.jpg 300w, https:\/\/www.keramikmahlwerk.ch\/webseite\/wp-content\/uploads\/2016\/07\/saltverk-06-768x512.jpg 768w, https:\/\/www.keramikmahlwerk.ch\/webseite\/wp-content\/uploads\/2016\/07\/saltverk-06-1030x687.jpg 1030w, https:\/\/www.keramikmahlwerk.ch\/webseite\/wp-content\/uploads\/2016\/07\/saltverk-06-1500x1000.jpg 1500w, https:\/\/www.keramikmahlwerk.ch\/webseite\/wp-content\/uploads\/2016\/07\/saltverk-06-450x300.jpg 450w\" sizes=\"(max-width: 705px) 100vw, 705px\" \/><\/div><\/div><\/figure><\/a><!--end av-masonry entry--><a href=\"https:\/\/www.keramikmahlwerk.ch\/webseite\/wp-content\/uploads\/2016\/07\/saltverk-07-1030x687.jpg\" data-srcset=\"https:\/\/www.keramikmahlwerk.ch\/webseite\/wp-content\/uploads\/2016\/07\/saltverk-07-1030x687.jpg 1030w, https:\/\/www.keramikmahlwerk.ch\/webseite\/wp-content\/uploads\/2016\/07\/saltverk-07-300x200.jpg 300w, https:\/\/www.keramikmahlwerk.ch\/webseite\/wp-content\/uploads\/2016\/07\/saltverk-07-768x512.jpg 768w, https:\/\/www.keramikmahlwerk.ch\/webseite\/wp-content\/uploads\/2016\/07\/saltverk-07-1500x1000.jpg 1500w, https:\/\/www.keramikmahlwerk.ch\/webseite\/wp-content\/uploads\/2016\/07\/saltverk-07-705x470.jpg 705w, https:\/\/www.keramikmahlwerk.ch\/webseite\/wp-content\/uploads\/2016\/07\/saltverk-07-450x300.jpg 450w\" data-sizes=\"(max-width: 1030px) 100vw, 1030px\"  aria-label=\"immagine saltverk-07\"  id='av-masonry-1-item-723' data-av-masonry-item='723' class='av-masonry-entry isotope-item post-723 attachment type-attachment status-inherit hentry  av-masonry-item-with-image' title=\"saltverk-07\" alt=\"\"    itemprop=\"thumbnailUrl\" ><div class='av-inner-masonry-sizer'><\/div><figure class='av-inner-masonry main_color'><div class=\"av-masonry-outerimage-container\"><div class='av-masonry-image-container'  ><img decoding=\"async\" width=\"705\" height=\"470\" fetchpriority=\"high\" class=\"wp-image-723 avia-img-lazy-loading-not-723\"  src=\"https:\/\/www.keramikmahlwerk.ch\/webseite\/wp-content\/uploads\/2016\/07\/saltverk-07-705x470.jpg\" title=\"saltverk-07\" alt=\"\" srcset=\"https:\/\/www.keramikmahlwerk.ch\/webseite\/wp-content\/uploads\/2016\/07\/saltverk-07-705x470.jpg 705w, https:\/\/www.keramikmahlwerk.ch\/webseite\/wp-content\/uploads\/2016\/07\/saltverk-07-300x200.jpg 300w, https:\/\/www.keramikmahlwerk.ch\/webseite\/wp-content\/uploads\/2016\/07\/saltverk-07-768x512.jpg 768w, https:\/\/www.keramikmahlwerk.ch\/webseite\/wp-content\/uploads\/2016\/07\/saltverk-07-1030x687.jpg 1030w, https:\/\/www.keramikmahlwerk.ch\/webseite\/wp-content\/uploads\/2016\/07\/saltverk-07-1500x1000.jpg 1500w, https:\/\/www.keramikmahlwerk.ch\/webseite\/wp-content\/uploads\/2016\/07\/saltverk-07-450x300.jpg 450w\" sizes=\"(max-width: 705px) 100vw, 705px\" \/><\/div><\/div><\/figure><\/a><!--end av-masonry entry--><a href=\"https:\/\/www.keramikmahlwerk.ch\/webseite\/wp-content\/uploads\/2016\/07\/saltverk-05-1030x688.jpg\" data-srcset=\"https:\/\/www.keramikmahlwerk.ch\/webseite\/wp-content\/uploads\/2016\/07\/saltverk-05-1030x688.jpg 1030w, https:\/\/www.keramikmahlwerk.ch\/webseite\/wp-content\/uploads\/2016\/07\/saltverk-05-300x200.jpg 300w, https:\/\/www.keramikmahlwerk.ch\/webseite\/wp-content\/uploads\/2016\/07\/saltverk-05-768x513.jpg 768w, https:\/\/www.keramikmahlwerk.ch\/webseite\/wp-content\/uploads\/2016\/07\/saltverk-05-1500x1002.jpg 1500w, https:\/\/www.keramikmahlwerk.ch\/webseite\/wp-content\/uploads\/2016\/07\/saltverk-05-705x471.jpg 705w, https:\/\/www.keramikmahlwerk.ch\/webseite\/wp-content\/uploads\/2016\/07\/saltverk-05-450x301.jpg 450w\" data-sizes=\"(max-width: 1030px) 100vw, 1030px\"  aria-label=\"immagine saltverk-05\"  id='av-masonry-1-item-721' data-av-masonry-item='721' class='av-masonry-entry isotope-item post-721 attachment type-attachment status-inherit hentry  av-masonry-item-with-image' title=\"saltverk-05\" alt=\"\"    itemprop=\"thumbnailUrl\" ><div class='av-inner-masonry-sizer'><\/div><figure class='av-inner-masonry main_color'><div class=\"av-masonry-outerimage-container\"><div class='av-masonry-image-container'  ><img decoding=\"async\" width=\"705\" height=\"471\" fetchpriority=\"high\" class=\"wp-image-721 avia-img-lazy-loading-not-721\"  src=\"https:\/\/www.keramikmahlwerk.ch\/webseite\/wp-content\/uploads\/2016\/07\/saltverk-05-705x471.jpg\" title=\"saltverk-05\" alt=\"\" srcset=\"https:\/\/www.keramikmahlwerk.ch\/webseite\/wp-content\/uploads\/2016\/07\/saltverk-05-705x471.jpg 705w, https:\/\/www.keramikmahlwerk.ch\/webseite\/wp-content\/uploads\/2016\/07\/saltverk-05-300x200.jpg 300w, https:\/\/www.keramikmahlwerk.ch\/webseite\/wp-content\/uploads\/2016\/07\/saltverk-05-768x513.jpg 768w, https:\/\/www.keramikmahlwerk.ch\/webseite\/wp-content\/uploads\/2016\/07\/saltverk-05-1030x688.jpg 1030w, https:\/\/www.keramikmahlwerk.ch\/webseite\/wp-content\/uploads\/2016\/07\/saltverk-05-1500x1002.jpg 1500w, https:\/\/www.keramikmahlwerk.ch\/webseite\/wp-content\/uploads\/2016\/07\/saltverk-05-450x301.jpg 450w\" sizes=\"(max-width: 705px) 100vw, 705px\" \/><\/div><\/div><\/figure><\/a><!--end av-masonry entry--><a href=\"https:\/\/www.keramikmahlwerk.ch\/webseite\/wp-content\/uploads\/2016\/07\/saltverk-04-1030x629.jpg\" data-srcset=\"https:\/\/www.keramikmahlwerk.ch\/webseite\/wp-content\/uploads\/2016\/07\/saltverk-04-1030x629.jpg 1030w, https:\/\/www.keramikmahlwerk.ch\/webseite\/wp-content\/uploads\/2016\/07\/saltverk-04-300x183.jpg 300w, https:\/\/www.keramikmahlwerk.ch\/webseite\/wp-content\/uploads\/2016\/07\/saltverk-04-768x469.jpg 768w, https:\/\/www.keramikmahlwerk.ch\/webseite\/wp-content\/uploads\/2016\/07\/saltverk-04-1500x916.jpg 1500w, https:\/\/www.keramikmahlwerk.ch\/webseite\/wp-content\/uploads\/2016\/07\/saltverk-04-705x431.jpg 705w, https:\/\/www.keramikmahlwerk.ch\/webseite\/wp-content\/uploads\/2016\/07\/saltverk-04-450x275.jpg 450w\" data-sizes=\"(max-width: 1030px) 100vw, 1030px\"  aria-label=\"immagine saltverk-04\"  id='av-masonry-1-item-720' data-av-masonry-item='720' class='av-masonry-entry isotope-item post-720 attachment type-attachment status-inherit hentry  av-masonry-item-with-image' title=\"saltverk-04\" alt=\"\"    itemprop=\"thumbnailUrl\" ><div class='av-inner-masonry-sizer'><\/div><figure class='av-inner-masonry main_color'><div class=\"av-masonry-outerimage-container\"><div class='av-masonry-image-container'  ><img decoding=\"async\" width=\"705\" height=\"431\" fetchpriority=\"high\" class=\"wp-image-720 avia-img-lazy-loading-not-720\"  src=\"https:\/\/www.keramikmahlwerk.ch\/webseite\/wp-content\/uploads\/2016\/07\/saltverk-04-705x431.jpg\" title=\"saltverk-04\" alt=\"\" srcset=\"https:\/\/www.keramikmahlwerk.ch\/webseite\/wp-content\/uploads\/2016\/07\/saltverk-04-705x431.jpg 705w, https:\/\/www.keramikmahlwerk.ch\/webseite\/wp-content\/uploads\/2016\/07\/saltverk-04-300x183.jpg 300w, https:\/\/www.keramikmahlwerk.ch\/webseite\/wp-content\/uploads\/2016\/07\/saltverk-04-768x469.jpg 768w, https:\/\/www.keramikmahlwerk.ch\/webseite\/wp-content\/uploads\/2016\/07\/saltverk-04-1030x629.jpg 1030w, https:\/\/www.keramikmahlwerk.ch\/webseite\/wp-content\/uploads\/2016\/07\/saltverk-04-1500x916.jpg 1500w, https:\/\/www.keramikmahlwerk.ch\/webseite\/wp-content\/uploads\/2016\/07\/saltverk-04-450x275.jpg 450w\" sizes=\"(max-width: 705px) 100vw, 705px\" \/><\/div><\/div><\/figure><\/a><!--end av-masonry entry--><a href=\"https:\/\/www.keramikmahlwerk.ch\/webseite\/wp-content\/uploads\/2016\/07\/saltverk-03-1030x688.jpg\" data-srcset=\"https:\/\/www.keramikmahlwerk.ch\/webseite\/wp-content\/uploads\/2016\/07\/saltverk-03-1030x688.jpg 1030w, https:\/\/www.keramikmahlwerk.ch\/webseite\/wp-content\/uploads\/2016\/07\/saltverk-03-300x200.jpg 300w, https:\/\/www.keramikmahlwerk.ch\/webseite\/wp-content\/uploads\/2016\/07\/saltverk-03-768x513.jpg 768w, https:\/\/www.keramikmahlwerk.ch\/webseite\/wp-content\/uploads\/2016\/07\/saltverk-03-1500x1002.jpg 1500w, https:\/\/www.keramikmahlwerk.ch\/webseite\/wp-content\/uploads\/2016\/07\/saltverk-03-705x471.jpg 705w, https:\/\/www.keramikmahlwerk.ch\/webseite\/wp-content\/uploads\/2016\/07\/saltverk-03-450x301.jpg 450w\" data-sizes=\"(max-width: 1030px) 100vw, 1030px\"  aria-label=\"immagine saltverk-03\"  id='av-masonry-1-item-719' data-av-masonry-item='719' class='av-masonry-entry isotope-item post-719 attachment type-attachment status-inherit hentry  av-masonry-item-with-image' title=\"saltverk-03\" alt=\"\"    itemprop=\"thumbnailUrl\" ><div class='av-inner-masonry-sizer'><\/div><figure class='av-inner-masonry main_color'><div class=\"av-masonry-outerimage-container\"><div class='av-masonry-image-container'  ><img decoding=\"async\" width=\"705\" height=\"471\" fetchpriority=\"high\" class=\"wp-image-719 avia-img-lazy-loading-not-719\"  src=\"https:\/\/www.keramikmahlwerk.ch\/webseite\/wp-content\/uploads\/2016\/07\/saltverk-03-705x471.jpg\" title=\"saltverk-03\" alt=\"\" srcset=\"https:\/\/www.keramikmahlwerk.ch\/webseite\/wp-content\/uploads\/2016\/07\/saltverk-03-705x471.jpg 705w, https:\/\/www.keramikmahlwerk.ch\/webseite\/wp-content\/uploads\/2016\/07\/saltverk-03-300x200.jpg 300w, https:\/\/www.keramikmahlwerk.ch\/webseite\/wp-content\/uploads\/2016\/07\/saltverk-03-768x513.jpg 768w, https:\/\/www.keramikmahlwerk.ch\/webseite\/wp-content\/uploads\/2016\/07\/saltverk-03-1030x688.jpg 1030w, https:\/\/www.keramikmahlwerk.ch\/webseite\/wp-content\/uploads\/2016\/07\/saltverk-03-1500x1002.jpg 1500w, https:\/\/www.keramikmahlwerk.ch\/webseite\/wp-content\/uploads\/2016\/07\/saltverk-03-450x301.jpg 450w\" sizes=\"(max-width: 705px) 100vw, 705px\" \/><\/div><\/div><\/figure><\/a><!--end av-masonry entry--><a href=\"https:\/\/www.keramikmahlwerk.ch\/webseite\/wp-content\/uploads\/2016\/07\/saltverk-02-687x1030.jpg\" data-srcset=\"https:\/\/www.keramikmahlwerk.ch\/webseite\/wp-content\/uploads\/2016\/07\/saltverk-02-687x1030.jpg 687w, https:\/\/www.keramikmahlwerk.ch\/webseite\/wp-content\/uploads\/2016\/07\/saltverk-02-200x300.jpg 200w, https:\/\/www.keramikmahlwerk.ch\/webseite\/wp-content\/uploads\/2016\/07\/saltverk-02-768x1152.jpg 768w, https:\/\/www.keramikmahlwerk.ch\/webseite\/wp-content\/uploads\/2016\/07\/saltverk-02-1000x1500.jpg 1000w, https:\/\/www.keramikmahlwerk.ch\/webseite\/wp-content\/uploads\/2016\/07\/saltverk-02-470x705.jpg 470w, https:\/\/www.keramikmahlwerk.ch\/webseite\/wp-content\/uploads\/2016\/07\/saltverk-02-450x675.jpg 450w\" data-sizes=\"(max-width: 687px) 100vw, 687px\"  aria-label=\"immagine saltverk-02\"  id='av-masonry-1-item-718' data-av-masonry-item='718' class='av-masonry-entry isotope-item post-718 attachment type-attachment status-inherit hentry  av-masonry-item-with-image' title=\"saltverk-02\" alt=\"\"    itemprop=\"thumbnailUrl\" ><div class='av-inner-masonry-sizer'><\/div><figure class='av-inner-masonry main_color'><div class=\"av-masonry-outerimage-container\"><div class='av-masonry-image-container'  ><img decoding=\"async\" width=\"470\" height=\"705\" fetchpriority=\"high\" class=\"wp-image-718 avia-img-lazy-loading-not-718\"  src=\"https:\/\/www.keramikmahlwerk.ch\/webseite\/wp-content\/uploads\/2016\/07\/saltverk-02-470x705.jpg\" title=\"saltverk-02\" alt=\"\" srcset=\"https:\/\/www.keramikmahlwerk.ch\/webseite\/wp-content\/uploads\/2016\/07\/saltverk-02-470x705.jpg 470w, https:\/\/www.keramikmahlwerk.ch\/webseite\/wp-content\/uploads\/2016\/07\/saltverk-02-200x300.jpg 200w, https:\/\/www.keramikmahlwerk.ch\/webseite\/wp-content\/uploads\/2016\/07\/saltverk-02-768x1152.jpg 768w, https:\/\/www.keramikmahlwerk.ch\/webseite\/wp-content\/uploads\/2016\/07\/saltverk-02-687x1030.jpg 687w, https:\/\/www.keramikmahlwerk.ch\/webseite\/wp-content\/uploads\/2016\/07\/saltverk-02-1000x1500.jpg 1000w, https:\/\/www.keramikmahlwerk.ch\/webseite\/wp-content\/uploads\/2016\/07\/saltverk-02-450x675.jpg 450w\" sizes=\"(max-width: 470px) 100vw, 470px\" \/><\/div><\/div><\/figure><\/a><!--end av-masonry entry--><\/div><\/div>","protected":false},"excerpt":{"rendered":"<p>Die isl\u00e4ndische Fussballnationalmannschaft hat in den letzten Tagen f\u00fcr Furore gesorgt. Aber die Isl\u00e4nder k\u00f6nnen nicht nur gut mit dem runden Leder umgehen, sie haben auch ein gutes H\u00e4ndchen f\u00fcr aussergew\u00f6hnliches Meersalz. Die Salzflocken werden aus reinstem Wasser des arktischen Ozeans gewonnen und in traditioneller Handarbeit geerntet. Das Salz aus Island ist das einzige auf [&hellip;]<\/p>\n","protected":false},"author":1,"featured_media":723,"comment_status":"closed","ping_status":"closed","sticky":false,"template":"","format":"standard","meta":{"footnotes":""},"categories":[45],"tags":[],"class_list":["post-717","post","type-post","status-publish","format-standard","has-post-thumbnail","hentry","category-gewuerze"],"yoast_head":"<!-- This site is optimized with the Yoast SEO plugin v27.5 - https:\/\/yoast.com\/product\/yoast-seo-wordpress\/ -->\n<title>Isl\u00e4ndisches Salz - Keramikmahlwerk von CrushGrind\u00ae<\/title>\n<meta name=\"robots\" content=\"index, follow, max-snippet:-1, max-image-preview:large, max-video-preview:-1\" \/>\n<link rel=\"canonical\" href=\"https:\/\/www.keramikmahlwerk.ch\/it\/islaendisches-salz\/\" \/>\n<meta property=\"og:locale\" content=\"it_IT\" \/>\n<meta property=\"og:type\" content=\"article\" \/>\n<meta property=\"og:title\" content=\"Isl\u00e4ndisches Salz - Keramikmahlwerk von CrushGrind\u00ae\" \/>\n<meta property=\"og:description\" content=\"Die isl\u00e4ndische Fussballnationalmannschaft hat in den letzten Tagen f\u00fcr Furore gesorgt. Aber die Isl\u00e4nder k\u00f6nnen nicht nur gut mit dem runden Leder umgehen, sie haben auch ein gutes H\u00e4ndchen f\u00fcr aussergew\u00f6hnliches Meersalz. Die Salzflocken werden aus reinstem Wasser des arktischen Ozeans gewonnen und in traditioneller Handarbeit geerntet. Das Salz aus Island ist das einzige auf [&hellip;]\" \/>\n<meta property=\"og:url\" content=\"https:\/\/www.keramikmahlwerk.ch\/it\/islaendisches-salz\/\" \/>\n<meta property=\"og:site_name\" content=\"Keramikmahlwerk von CrushGrind\u00ae\" \/>\n<meta property=\"article:published_time\" content=\"2016-07-03T12:46:41+00:00\" \/>\n<meta property=\"article:modified_time\" content=\"2018-04-26T11:40:04+00:00\" \/>\n<meta property=\"og:image\" content=\"https:\/\/www.keramikmahlwerk.ch\/webseite\/wp-content\/uploads\/2016\/07\/saltverk-07.jpg\" \/>\n\t<meta property=\"og:image:width\" content=\"3000\" \/>\n\t<meta property=\"og:image:height\" content=\"2000\" \/>\n\t<meta property=\"og:image:type\" content=\"image\/jpeg\" \/>\n<meta name=\"author\" content=\"matthias\" \/>\n<meta name=\"twitter:card\" content=\"summary_large_image\" \/>\n<meta name=\"twitter:label1\" content=\"Scritto da\" \/>\n\t<meta name=\"twitter:data1\" content=\"matthias\" \/>\n\t<meta name=\"twitter:label2\" content=\"Tempo di lettura stimato\" \/>\n\t<meta name=\"twitter:data2\" content=\"1 minuto\" \/>\n<script type=\"application\/ld+json\" class=\"yoast-schema-graph\">{\"@context\":\"https:\\\/\\\/schema.org\",\"@graph\":[{\"@type\":\"Article\",\"@id\":\"https:\\\/\\\/www.keramikmahlwerk.ch\\\/fr\\\/islaendisches-salz\\\/#article\",\"isPartOf\":{\"@id\":\"https:\\\/\\\/www.keramikmahlwerk.ch\\\/fr\\\/islaendisches-salz\\\/\"},\"author\":{\"name\":\"matthias\",\"@id\":\"https:\\\/\\\/www.keramikmahlwerk.ch\\\/#\\\/schema\\\/person\\\/f718310f3f86821ae9131cc23109bda3\"},\"headline\":\"Isl\u00e4ndisches Salz\",\"datePublished\":\"2016-07-03T12:46:41+00:00\",\"dateModified\":\"2018-04-26T11:40:04+00:00\",\"mainEntityOfPage\":{\"@id\":\"https:\\\/\\\/www.keramikmahlwerk.ch\\\/fr\\\/islaendisches-salz\\\/\"},\"wordCount\":122,\"image\":{\"@id\":\"https:\\\/\\\/www.keramikmahlwerk.ch\\\/fr\\\/islaendisches-salz\\\/#primaryimage\"},\"thumbnailUrl\":\"https:\\\/\\\/www.keramikmahlwerk.ch\\\/webseite\\\/wp-content\\\/uploads\\\/2016\\\/07\\\/saltverk-07-scaled.jpg\",\"articleSection\":[\"Gew\u00fcrze\"],\"inLanguage\":\"it-IT\"},{\"@type\":\"WebPage\",\"@id\":\"https:\\\/\\\/www.keramikmahlwerk.ch\\\/fr\\\/islaendisches-salz\\\/\",\"url\":\"https:\\\/\\\/www.keramikmahlwerk.ch\\\/fr\\\/islaendisches-salz\\\/\",\"name\":\"Isl\u00e4ndisches Salz - Keramikmahlwerk von CrushGrind\u00ae\",\"isPartOf\":{\"@id\":\"https:\\\/\\\/www.keramikmahlwerk.ch\\\/#website\"},\"primaryImageOfPage\":{\"@id\":\"https:\\\/\\\/www.keramikmahlwerk.ch\\\/fr\\\/islaendisches-salz\\\/#primaryimage\"},\"image\":{\"@id\":\"https:\\\/\\\/www.keramikmahlwerk.ch\\\/fr\\\/islaendisches-salz\\\/#primaryimage\"},\"thumbnailUrl\":\"https:\\\/\\\/www.keramikmahlwerk.ch\\\/webseite\\\/wp-content\\\/uploads\\\/2016\\\/07\\\/saltverk-07-scaled.jpg\",\"datePublished\":\"2016-07-03T12:46:41+00:00\",\"dateModified\":\"2018-04-26T11:40:04+00:00\",\"author\":{\"@id\":\"https:\\\/\\\/www.keramikmahlwerk.ch\\\/#\\\/schema\\\/person\\\/f718310f3f86821ae9131cc23109bda3\"},\"breadcrumb\":{\"@id\":\"https:\\\/\\\/www.keramikmahlwerk.ch\\\/fr\\\/islaendisches-salz\\\/#breadcrumb\"},\"inLanguage\":\"it-IT\",\"potentialAction\":[{\"@type\":\"ReadAction\",\"target\":[\"https:\\\/\\\/www.keramikmahlwerk.ch\\\/fr\\\/islaendisches-salz\\\/\"]}]},{\"@type\":\"ImageObject\",\"inLanguage\":\"it-IT\",\"@id\":\"https:\\\/\\\/www.keramikmahlwerk.ch\\\/fr\\\/islaendisches-salz\\\/#primaryimage\",\"url\":\"https:\\\/\\\/www.keramikmahlwerk.ch\\\/webseite\\\/wp-content\\\/uploads\\\/2016\\\/07\\\/saltverk-07-scaled.jpg\",\"contentUrl\":\"https:\\\/\\\/www.keramikmahlwerk.ch\\\/webseite\\\/wp-content\\\/uploads\\\/2016\\\/07\\\/saltverk-07-scaled.jpg\",\"width\":3000,\"height\":2000},{\"@type\":\"BreadcrumbList\",\"@id\":\"https:\\\/\\\/www.keramikmahlwerk.ch\\\/fr\\\/islaendisches-salz\\\/#breadcrumb\",\"itemListElement\":[{\"@type\":\"ListItem\",\"position\":1,\"name\":\"Home\",\"item\":\"https:\\\/\\\/www.keramikmahlwerk.ch\\\/crush-grind\\\/\"},{\"@type\":\"ListItem\",\"position\":2,\"name\":\"Isl\u00e4ndisches Salz\"}]},{\"@type\":\"WebSite\",\"@id\":\"https:\\\/\\\/www.keramikmahlwerk.ch\\\/#website\",\"url\":\"https:\\\/\\\/www.keramikmahlwerk.ch\\\/\",\"name\":\"Keramikmahlwerk von CrushGrind\u00ae\",\"description\":\"Neben Pfeffer mahlt dieses Mahlwerk auch Salz, Chili, Zucker, Gew\u00fcrze und Kr\u00e4uter gleichm\u00e4ssig und ohne zu verkleben\",\"potentialAction\":[{\"@type\":\"SearchAction\",\"target\":{\"@type\":\"EntryPoint\",\"urlTemplate\":\"https:\\\/\\\/www.keramikmahlwerk.ch\\\/?s={search_term_string}\"},\"query-input\":{\"@type\":\"PropertyValueSpecification\",\"valueRequired\":true,\"valueName\":\"search_term_string\"}}],\"inLanguage\":\"it-IT\"},{\"@type\":\"Person\",\"@id\":\"https:\\\/\\\/www.keramikmahlwerk.ch\\\/#\\\/schema\\\/person\\\/f718310f3f86821ae9131cc23109bda3\",\"name\":\"matthias\",\"image\":{\"@type\":\"ImageObject\",\"inLanguage\":\"it-IT\",\"@id\":\"https:\\\/\\\/secure.gravatar.com\\\/avatar\\\/69289435dced95ec7fa6250e6609d085e42cc18e65a45100bfa149365dcc4c15?s=96&d=mm&r=g\",\"url\":\"https:\\\/\\\/secure.gravatar.com\\\/avatar\\\/69289435dced95ec7fa6250e6609d085e42cc18e65a45100bfa149365dcc4c15?s=96&d=mm&r=g\",\"contentUrl\":\"https:\\\/\\\/secure.gravatar.com\\\/avatar\\\/69289435dced95ec7fa6250e6609d085e42cc18e65a45100bfa149365dcc4c15?s=96&d=mm&r=g\",\"caption\":\"matthias\"},\"url\":\"https:\\\/\\\/www.keramikmahlwerk.ch\\\/it\\\/author\\\/matthias\\\/\"}]}<\/script>\n<!-- \/ Yoast SEO plugin. -->","yoast_head_json":{"title":"Sale islandese - macinino in ceramica di CrushGrind\u00ae.","robots":{"index":"index","follow":"follow","max-snippet":"max-snippet:-1","max-image-preview":"max-image-preview:large","max-video-preview":"max-video-preview:-1"},"canonical":"https:\/\/www.keramikmahlwerk.ch\/it\/islaendisches-salz\/","og_locale":"it_IT","og_type":"article","og_title":"Isl\u00e4ndisches Salz - Keramikmahlwerk von CrushGrind\u00ae","og_description":"Die isl\u00e4ndische Fussballnationalmannschaft hat in den letzten Tagen f\u00fcr Furore gesorgt. Aber die Isl\u00e4nder k\u00f6nnen nicht nur gut mit dem runden Leder umgehen, sie haben auch ein gutes H\u00e4ndchen f\u00fcr aussergew\u00f6hnliches Meersalz. Die Salzflocken werden aus reinstem Wasser des arktischen Ozeans gewonnen und in traditioneller Handarbeit geerntet. Das Salz aus Island ist das einzige auf [&hellip;]","og_url":"https:\/\/www.keramikmahlwerk.ch\/it\/islaendisches-salz\/","og_site_name":"Keramikmahlwerk von CrushGrind\u00ae","article_published_time":"2016-07-03T12:46:41+00:00","article_modified_time":"2018-04-26T11:40:04+00:00","og_image":[{"width":3000,"height":2000,"url":"https:\/\/www.keramikmahlwerk.ch\/webseite\/wp-content\/uploads\/2016\/07\/saltverk-07.jpg","type":"image\/jpeg"}],"author":"matthias","twitter_card":"summary_large_image","twitter_misc":{"Scritto da":"matthias","Tempo di lettura stimato":"1 minuto"},"schema":{"@context":"https:\/\/schema.org","@graph":[{"@type":"Article","@id":"https:\/\/www.keramikmahlwerk.ch\/fr\/islaendisches-salz\/#article","isPartOf":{"@id":"https:\/\/www.keramikmahlwerk.ch\/fr\/islaendisches-salz\/"},"author":{"name":"matthias","@id":"https:\/\/www.keramikmahlwerk.ch\/#\/schema\/person\/f718310f3f86821ae9131cc23109bda3"},"headline":"Isl\u00e4ndisches Salz","datePublished":"2016-07-03T12:46:41+00:00","dateModified":"2018-04-26T11:40:04+00:00","mainEntityOfPage":{"@id":"https:\/\/www.keramikmahlwerk.ch\/fr\/islaendisches-salz\/"},"wordCount":122,"image":{"@id":"https:\/\/www.keramikmahlwerk.ch\/fr\/islaendisches-salz\/#primaryimage"},"thumbnailUrl":"https:\/\/www.keramikmahlwerk.ch\/webseite\/wp-content\/uploads\/2016\/07\/saltverk-07-scaled.jpg","articleSection":["Gew\u00fcrze"],"inLanguage":"it-IT"},{"@type":"WebPage","@id":"https:\/\/www.keramikmahlwerk.ch\/fr\/islaendisches-salz\/","url":"https:\/\/www.keramikmahlwerk.ch\/fr\/islaendisches-salz\/","name":"Sale islandese - macinino in ceramica di CrushGrind\u00ae.","isPartOf":{"@id":"https:\/\/www.keramikmahlwerk.ch\/#website"},"primaryImageOfPage":{"@id":"https:\/\/www.keramikmahlwerk.ch\/fr\/islaendisches-salz\/#primaryimage"},"image":{"@id":"https:\/\/www.keramikmahlwerk.ch\/fr\/islaendisches-salz\/#primaryimage"},"thumbnailUrl":"https:\/\/www.keramikmahlwerk.ch\/webseite\/wp-content\/uploads\/2016\/07\/saltverk-07-scaled.jpg","datePublished":"2016-07-03T12:46:41+00:00","dateModified":"2018-04-26T11:40:04+00:00","author":{"@id":"https:\/\/www.keramikmahlwerk.ch\/#\/schema\/person\/f718310f3f86821ae9131cc23109bda3"},"breadcrumb":{"@id":"https:\/\/www.keramikmahlwerk.ch\/fr\/islaendisches-salz\/#breadcrumb"},"inLanguage":"it-IT","potentialAction":[{"@type":"ReadAction","target":["https:\/\/www.keramikmahlwerk.ch\/fr\/islaendisches-salz\/"]}]},{"@type":"ImageObject","inLanguage":"it-IT","@id":"https:\/\/www.keramikmahlwerk.ch\/fr\/islaendisches-salz\/#primaryimage","url":"https:\/\/www.keramikmahlwerk.ch\/webseite\/wp-content\/uploads\/2016\/07\/saltverk-07-scaled.jpg","contentUrl":"https:\/\/www.keramikmahlwerk.ch\/webseite\/wp-content\/uploads\/2016\/07\/saltverk-07-scaled.jpg","width":3000,"height":2000},{"@type":"BreadcrumbList","@id":"https:\/\/www.keramikmahlwerk.ch\/fr\/islaendisches-salz\/#breadcrumb","itemListElement":[{"@type":"ListItem","position":1,"name":"Home","item":"https:\/\/www.keramikmahlwerk.ch\/crush-grind\/"},{"@type":"ListItem","position":2,"name":"Isl\u00e4ndisches Salz"}]},{"@type":"WebSite","@id":"https:\/\/www.keramikmahlwerk.ch\/#website","url":"https:\/\/www.keramikmahlwerk.ch\/","name":"Mulino di macinazione in ceramica CrushGrind","description":"Oltre al pepe, questo macinino macina anche sale, peperoncino, zucchero, spezie ed erbe in modo uniforme e senza attaccarsi","potentialAction":[{"@type":"SearchAction","target":{"@type":"EntryPoint","urlTemplate":"https:\/\/www.keramikmahlwerk.ch\/?s={search_term_string}"},"query-input":{"@type":"PropertyValueSpecification","valueRequired":true,"valueName":"search_term_string"}}],"inLanguage":"it-IT"},{"@type":"Person","@id":"https:\/\/www.keramikmahlwerk.ch\/#\/schema\/person\/f718310f3f86821ae9131cc23109bda3","name":"matthias","image":{"@type":"ImageObject","inLanguage":"it-IT","@id":"https:\/\/secure.gravatar.com\/avatar\/69289435dced95ec7fa6250e6609d085e42cc18e65a45100bfa149365dcc4c15?s=96&d=mm&r=g","url":"https:\/\/secure.gravatar.com\/avatar\/69289435dced95ec7fa6250e6609d085e42cc18e65a45100bfa149365dcc4c15?s=96&d=mm&r=g","contentUrl":"https:\/\/secure.gravatar.com\/avatar\/69289435dced95ec7fa6250e6609d085e42cc18e65a45100bfa149365dcc4c15?s=96&d=mm&r=g","caption":"matthias"},"url":"https:\/\/www.keramikmahlwerk.ch\/it\/author\/matthias\/"}]}},"_links":{"self":[{"href":"https:\/\/www.keramikmahlwerk.ch\/it\/wp-json\/wp\/v2\/posts\/717","targetHints":{"allow":["GET"]}}],"collection":[{"href":"https:\/\/www.keramikmahlwerk.ch\/it\/wp-json\/wp\/v2\/posts"}],"about":[{"href":"https:\/\/www.keramikmahlwerk.ch\/it\/wp-json\/wp\/v2\/types\/post"}],"author":[{"embeddable":true,"href":"https:\/\/www.keramikmahlwerk.ch\/it\/wp-json\/wp\/v2\/users\/1"}],"replies":[{"embeddable":true,"href":"https:\/\/www.keramikmahlwerk.ch\/it\/wp-json\/wp\/v2\/comments?post=717"}],"version-history":[{"count":2,"href":"https:\/\/www.keramikmahlwerk.ch\/it\/wp-json\/wp\/v2\/posts\/717\/revisions"}],"predecessor-version":[{"id":1054,"href":"https:\/\/www.keramikmahlwerk.ch\/it\/wp-json\/wp\/v2\/posts\/717\/revisions\/1054"}],"wp:featuredmedia":[{"embeddable":true,"href":"https:\/\/www.keramikmahlwerk.ch\/it\/wp-json\/wp\/v2\/media\/723"}],"wp:attachment":[{"href":"https:\/\/www.keramikmahlwerk.ch\/it\/wp-json\/wp\/v2\/media?parent=717"}],"wp:term":[{"taxonomy":"category","embeddable":true,"href":"https:\/\/www.keramikmahlwerk.ch\/it\/wp-json\/wp\/v2\/categories?post=717"},{"taxonomy":"post_tag","embeddable":true,"href":"https:\/\/www.keramikmahlwerk.ch\/it\/wp-json\/wp\/v2\/tags?post=717"}],"curies":[{"name":"wp","href":"https:\/\/api.w.org\/{rel}","templated":true}]}}